{"id":1411,"date":"2024-04-15T10:05:18","date_gmt":"2024-04-15T08:05:18","guid":{"rendered":"https:\/\/coi.skarzysko.pl\/www\/?p=1411"},"modified":"2024-04-15T10:05:18","modified_gmt":"2024-04-15T08:05:18","slug":"szkolenie-ochrona-danych-osobowych-w-projektach-finansowanych-z-fe-skarzysko-kamienna-24-04","status":"publish","type":"post","link":"https:\/\/coi.skarzysko.pl\/www\/index.php\/2024\/04\/15\/szkolenie-ochrona-danych-osobowych-w-projektach-finansowanych-z-fe-skarzysko-kamienna-24-04\/","title":{"rendered":"Szkolenie &#8220;Ochrona danych osobowych w projektach finansowanych z FE&#8221;, Skar\u017cysko-Kamienna, 24.04"},"content":{"rendered":"<p>Artyku\u0142 przeczytasz w 1 minut\u0119.<\/p>\n<div dir=\"auto\"><a class=\"x1i10hfl xjbqb8w x1ejq31n xd10rxx x1sy0etr x17r0tee x972fbf xcfux6l x1qhh985 xm0m39n x9f619 x1ypdohk xt0psk2 xe8uvvx xdj266r x11i5rnm xat24cr x1mh8g0r xexx8yu x4uap5 x18d9i69 xkhd6sd x16tdsg8 x1hl2dhg xggy1nq x1a2a7pz xt0b8zv x1fey0fg xo1l8bm\" tabindex=\"0\" role=\"link\" href=\"https:\/\/www.facebook.com\/fundusze.swietokrzyskie?__cft__[0]=AZULv9xPDvIfIa8K3u9FJ1nviDy19pMVsBSQfcXp2924QUaZBeSX8M8qdvBQXsGaYdXUT6kpT7UQvwnG_0kiOcYbhTZs0jXc_EoES26zqET06aTMQAQABB82LCeOFMDXfZSSZZWMJgY2tA1eVZMnA_2wxzz474PYZJwQTPB8qQEI_0PQhPjgFQVqelQXTHNuRfUq7H2mhUAHE9m__JqkG1MK&amp;__tn__=-]K-R\"><span class=\"xt0psk2\">Fundusze Europejskie dla \u015awi\u0119tokrzyskiego<\/span><\/a> zapraszaj\u0105 na bezp\u0142atne szkolenie<span class=\"x3nfvp2 x1j61x8r x1fcty0u xdj266r xhhsvwb xat24cr xgzva0m xxymvpz xlup9mm x1kky2od\"><img decoding=\"async\" class=\"xz74otr\" src=\"https:\/\/static.xx.fbcdn.net\/images\/emoji.php\/v9\/t13\/1.5\/16\/1f4e3.png\" alt=\"&#x1f4e3;\" width=\"16\" height=\"16\" \/><\/span>Ochrona danych osobowych w projektach finansowanych z Funduszy Europejskich.<\/div>\n<div dir=\"auto\">W programie<span class=\"x3nfvp2 x1j61x8r x1fcty0u xdj266r xhhsvwb xat24cr xgzva0m xxymvpz xlup9mm x1kky2od\"><img decoding=\"async\" class=\"xz74otr\" src=\"https:\/\/static.xx.fbcdn.net\/images\/emoji.php\/v9\/ta8\/1.5\/16\/1f447.png\" alt=\"&#x1f447;\" width=\"16\" height=\"16\" \/><\/span><\/div>\n<div dir=\"auto\"><span class=\"x3nfvp2 x1j61x8r x1fcty0u xdj266r xhhsvwb xat24cr xgzva0m xxymvpz xlup9mm x1kky2od\"><img decoding=\"async\" class=\"xz74otr\" src=\"https:\/\/static.xx.fbcdn.net\/images\/emoji.php\/v9\/td8\/1.5\/16\/2714.png\" alt=\"&#x2714;&#xfe0f;\" width=\"16\" height=\"16\" \/><\/span>zobowi\u0105zania beneficjenta w zakresie ochrony danych osobowych,<\/div>\n<div dir=\"auto\"><span class=\"x3nfvp2 x1j61x8r x1fcty0u xdj266r xhhsvwb xat24cr xgzva0m xxymvpz xlup9mm x1kky2od\"><img decoding=\"async\" class=\"xz74otr\" src=\"https:\/\/static.xx.fbcdn.net\/images\/emoji.php\/v9\/td8\/1.5\/16\/2714.png\" alt=\"&#x2714;&#xfe0f;\" width=\"16\" height=\"16\" \/><\/span>beneficjent jako administrator,<\/div>\n<div dir=\"auto\"><span class=\"x3nfvp2 x1j61x8r x1fcty0u xdj266r xhhsvwb xat24cr xgzva0m xxymvpz xlup9mm x1kky2od\"><img decoding=\"async\" class=\"xz74otr\" src=\"https:\/\/static.xx.fbcdn.net\/images\/emoji.php\/v9\/td8\/1.5\/16\/2714.png\" alt=\"&#x2714;&#xfe0f;\" width=\"16\" height=\"16\" \/><\/span>obowi\u0105zki wynikaj\u0105ce z przepis\u00f3w RODO oraz z umowy o dofinansowanie,<\/div>\n<div dir=\"auto\"><span class=\"x3nfvp2 x1j61x8r x1fcty0u xdj266r xhhsvwb xat24cr xgzva0m xxymvpz xlup9mm x1kky2od\"><img decoding=\"async\" class=\"xz74otr\" src=\"https:\/\/static.xx.fbcdn.net\/images\/emoji.php\/v9\/td8\/1.5\/16\/2714.png\" alt=\"&#x2714;&#xfe0f;\" width=\"16\" height=\"16\" \/><\/span>obowi\u0105zki wobec uczestnik\u00f3w projektu, najcz\u0119\u015bciej pope\u0142niane b\u0142\u0119dy,<\/div>\n<div dir=\"auto\"><span class=\"x3nfvp2 x1j61x8r x1fcty0u xdj266r xhhsvwb xat24cr xgzva0m xxymvpz xlup9mm x1kky2od\"><img decoding=\"async\" class=\"xz74otr\" src=\"https:\/\/static.xx.fbcdn.net\/images\/emoji.php\/v9\/td8\/1.5\/16\/2714.png\" alt=\"&#x2714;&#xfe0f;\" width=\"16\" height=\"16\" \/><\/span>konsultacje indywidualne<\/div>\n<div dir=\"auto\"><span class=\"x3nfvp2 x1j61x8r x1fcty0u xdj266r xhhsvwb xat24cr xgzva0m xxymvpz xlup9mm x1kky2od\"><img decoding=\"async\" class=\"xz74otr\" src=\"https:\/\/static.xx.fbcdn.net\/images\/emoji.php\/v9\/td8\/1.5\/16\/2714.png\" alt=\"&#x2714;&#xfe0f;\" width=\"16\" height=\"16\" \/><\/span>informacje na temat Punkt\u00f3w Informacyjnych Funduszy Europejskich w wojew\u00f3dztwie \u015bwi\u0119tokrzyskim;<\/div>\n<div dir=\"auto\"><span class=\"x3nfvp2 x1j61x8r x1fcty0u xdj266r xhhsvwb xat24cr xgzva0m xxymvpz xlup9mm x1kky2od\"><img loading=\"lazy\" decoding=\"async\" class=\"xz74otr\" src=\"https:\/\/static.xx.fbcdn.net\/images\/emoji.php\/v9\/tb5\/1.5\/16\/1f5d3.png\" alt=\"&#x1f5d3;\" width=\"16\" height=\"16\" \/><\/span>24.04.2024 r. w godz. 10:00-14:30, Powiatowa Biblioteka Pedagogiczna w Skar\u017cysku-Kamiennej, Plac Floria\u0144ski 1.<\/div>\n<div dir=\"auto\">Zg\u0142oszenia<span class=\"x3nfvp2 x1j61x8r x1fcty0u xdj266r xhhsvwb xat24cr xgzva0m xxymvpz xlup9mm x1kky2od\"><img decoding=\"async\" class=\"xz74otr\" src=\"https:\/\/static.xx.fbcdn.net\/images\/emoji.php\/v9\/ta8\/1.5\/16\/1f447.png\" alt=\"&#x1f447;\" width=\"16\" height=\"16\" \/><\/span><\/div>\n<div dir=\"auto\"><span class=\"x3nfvp2 x1j61x8r x1fcty0u xdj266r xhhsvwb xat24cr xgzva0m xxymvpz xlup9mm x1kky2od\"><img loading=\"lazy\" decoding=\"async\" class=\"xz74otr\" src=\"https:\/\/static.xx.fbcdn.net\/images\/emoji.php\/v9\/ta9\/1.5\/16\/260e.png\" alt=\"&#x260e;&#xfe0f;\" width=\"16\" height=\"16\" \/><\/span> 41 395 19 93, 41 395 19 94, 41 395 19 95<\/div>\n<div dir=\"auto\"><span class=\"x3nfvp2 x1j61x8r x1fcty0u xdj266r xhhsvwb xat24cr xgzva0m xxymvpz xlup9mm x1kky2od\"><img loading=\"lazy\" decoding=\"async\" class=\"xz74otr\" src=\"https:\/\/static.xx.fbcdn.net\/images\/emoji.php\/v9\/t17\/1.5\/16\/1f4e7.png\" alt=\"&#x1f4e7;\" width=\"16\" height=\"16\" \/><\/span> skarzysko@sejmik.kielce.pl(w tre\u015bci e-maila prosimy poda\u0107: imi\u0119, nazwisko, numer telefonu, nazw\u0119 reprezentowanego podmiotu).<\/div>\n<div dir=\"auto\">Szkolenie organizuje Punkt Informacyjny programu regionalnego Fundusze Europejskie dla \u015awi\u0119tokrzyskiego w Skar\u017cysku-Kamiennej.<\/div>\n<div dir=\"auto\"><img loading=\"lazy\" decoding=\"async\" class=\"alignnone size-full wp-image-1412\" src=\"http:\/\/coi.skarzysko.pl\/www\/wp-content\/uploads\/2024\/04\/szkolenie-FE.jpg\" alt=\"\" width=\"940\" height=\"788\" srcset=\"https:\/\/coi.skarzysko.pl\/www\/wp-content\/uploads\/2024\/04\/szkolenie-FE.jpg 940w, https:\/\/coi.skarzysko.pl\/www\/wp-content\/uploads\/2024\/04\/szkolenie-FE-300x251.jpg 300w, https:\/\/coi.skarzysko.pl\/www\/wp-content\/uploads\/2024\/04\/szkolenie-FE-768x644.jpg 768w\" sizes=\"(max-width: 940px) 100vw, 940px\" \/><\/div>\n","protected":false},"excerpt":{"rendered":"<p>Artyku\u0142 przeczytasz w 1 minut\u0119. Fundusze Europejskie dla \u015awi\u0119tokrzyskiego zapraszaj\u0105 na bezp\u0142atne szkolenieOchrona danych osobowych w projektach finansowanych z Funduszy Europejskich. W programie zobowi\u0105zania beneficjenta w zakresie ochrony danych osobowych, beneficjent jako administrator, obowi\u0105zki wynikaj\u0105ce z przepis\u00f3w RODO oraz z umowy o dofinansowanie, obowi\u0105zki wobec uczestnik\u00f3w projektu, najcz\u0119\u015bciej pope\u0142niane b\u0142\u0119dy, konsultacje indywidualne informacje na temat [&hellip;]<\/p>\n","protected":false},"author":2,"featured_media":0,"comment_status":"closed","ping_status":"closed","sticky":false,"template":"","format":"standard","meta":{"footnotes":""},"categories":[10],"tags":[15,98,99,97],"class_list":["post-1411","post","type-post","status-publish","format-standard","hentry","category-aktualnosci","tag-fe","tag-ochrona-danych-osobowych","tag-rodo","tag-szkolnie"],"_links":{"self":[{"href":"https:\/\/coi.skarzysko.pl\/www\/index.php\/wp-json\/wp\/v2\/posts\/1411","targetHints":{"allow":["GET"]}}],"collection":[{"href":"https:\/\/coi.skarzysko.pl\/www\/index.php\/wp-json\/wp\/v2\/posts"}],"about":[{"href":"https:\/\/coi.skarzysko.pl\/www\/index.php\/wp-json\/wp\/v2\/types\/post"}],"author":[{"embeddable":true,"href":"https:\/\/coi.skarzysko.pl\/www\/index.php\/wp-json\/wp\/v2\/users\/2"}],"replies":[{"embeddable":true,"href":"https:\/\/coi.skarzysko.pl\/www\/index.php\/wp-json\/wp\/v2\/comments?post=1411"}],"version-history":[{"count":1,"href":"https:\/\/coi.skarzysko.pl\/www\/index.php\/wp-json\/wp\/v2\/posts\/1411\/revisions"}],"predecessor-version":[{"id":1413,"href":"https:\/\/coi.skarzysko.pl\/www\/index.php\/wp-json\/wp\/v2\/posts\/1411\/revisions\/1413"}],"wp:attachment":[{"href":"https:\/\/coi.skarzysko.pl\/www\/index.php\/wp-json\/wp\/v2\/media?parent=1411"}],"wp:term":[{"taxonomy":"category","embeddable":true,"href":"https:\/\/coi.skarzysko.pl\/www\/index.php\/wp-json\/wp\/v2\/categories?post=1411"},{"taxonomy":"post_tag","embeddable":true,"href":"https:\/\/coi.skarzysko.pl\/www\/index.php\/wp-json\/wp\/v2\/tags?post=1411"}],"curies":[{"name":"wp","href":"https:\/\/api.w.org\/{rel}","templated":true}]}}