{"id":308,"date":"2023-03-15T12:56:30","date_gmt":"2023-03-15T11:56:30","guid":{"rendered":"https:\/\/coi.skarzysko.pl\/www\/?p=308"},"modified":"2023-05-18T16:21:15","modified_gmt":"2023-05-18T14:21:15","slug":"nabor-w-ramach-sciezki-smart-parp","status":"publish","type":"post","link":"https:\/\/coi.skarzysko.pl\/www\/index.php\/2023\/03\/15\/nabor-w-ramach-sciezki-smart-parp\/","title":{"rendered":"Nab\u00f3r w ramach \u015acie\u017cki SMART \u2013 PARP"},"content":{"rendered":"<h4>Zapraszamy przedsi\u0119biorc\u00f3w do aplikowania w \u015acie\u017cce SMART organizowanej przez Polsk\u0105 Agencj\u0119 Rozwoju Przedsi\u0119biorczo\u015bci. Do zdobycia w 2023 r. dofinansowanie o \u0142\u0105cznej kwocie 6,67 mld z\u0142.<\/h4>\n<p><strong>Cel:<\/strong><\/p>\n<p>Rozwijanie i wzmacnianie zdolno\u015bci badawczych i innowacyjnych przedsi\u0119biorstw, ukierunkowane na wdra\u017canie innowacji produktowych lub procesowych oraz cyfryzacj\u0119 i transformacj\u0119 przedsi\u0119biorstw w kierunku zr\u00f3wnowa\u017conego rozwoju, jak r\u00f3wnie\u017c internacjonalizacj\u0119 przedsi\u0119biorstw i wzrost kompetencji kadr.<strong>Kto mo\u017ce otrzyma\u0107 dofinansowanie<\/strong><\/p>\n<p>O dofinansowanie mog\u0105 ubiega\u0107 si\u0119 wy\u0142\u0105cznie mikro, mali i \u015bredni przedsi\u0119biorcy prowadz\u0105cy dzia\u0142alno\u015b\u0107 gospodarcz\u0105 na terytorium Rzeczypospolitej Polskiej.<strong>O modu\u0142ach<\/strong><\/p>\n<p>Projekt mo\u017ce sk\u0142ada\u0107 si\u0119 maksymalnie z siedmiu r\u00f3\u017cnych modu\u0142\u00f3w. Modu\u0142y w ramach projektu mog\u0105 by\u0107 realizowane w spos\u00f3b linearny (realizacja danego modu\u0142u jest kontynuacj\u0105 innego modu\u0142u) lub nielinearny (modu\u0142y realizowane niezale\u017cnie). Wsparcie w \u015acie\u017cce SMART mo\u017ce by\u0107 udzielone na realizacj\u0119 projekt\u00f3w obejmuj\u0105cych:<\/p>\n<ul>\n<li>prowadzenie prac badawczo-rozwojowych,<\/li>\n<li>wdro\u017cenie wynik\u00f3w prac B+R,<\/li>\n<li>rozbudow\u0119 infrastruktury badawczej,<\/li>\n<li>transformacj\u0119 cyfrow\u0105 lub zielon\u0105 przedsi\u0119biorstwa<\/li>\n<li>oraz internacjonalizacj\u0119 przedsi\u0119biorstwa i podnoszenie kompetencji kadr.<\/li>\n<\/ul>\n<p><strong>Modu\u0142y obligatoryjne<\/strong><\/p>\n<p>W przypadku ma\u0142ych i \u015brednich przedsi\u0119biorstw wniosek o dofinansowanie obowi\u0105zkowo musi obejmowa\u0107 co najmniej jeden z dw\u00f3ch modu\u0142\u00f3w:\u00a0<strong>modu\u0142 B+R<\/strong>\u00a0lub\u00a0<strong>modu\u0142 wdro\u017cenie innowacji.<\/strong><\/p>\n<p><img decoding=\"async\" class=\"alignnone size-medium wp-image-309\" src=\"http:\/\/coi.skarzysko.pl\/www\/wp-content\/uploads\/2023\/03\/smart-300x127.jpeg\" alt=\"\" width=\"300\" height=\"127\" srcset=\"https:\/\/coi.skarzysko.pl\/www\/wp-content\/uploads\/2023\/03\/smart-300x127.jpeg 300w, https:\/\/coi.skarzysko.pl\/www\/wp-content\/uploads\/2023\/03\/smart-1024x432.jpeg 1024w, https:\/\/coi.skarzysko.pl\/www\/wp-content\/uploads\/2023\/03\/smart-768x324.jpeg 768w, https:\/\/coi.skarzysko.pl\/www\/wp-content\/uploads\/2023\/03\/smart-1536x648.jpeg 1536w, https:\/\/coi.skarzysko.pl\/www\/wp-content\/uploads\/2023\/03\/smart.jpeg 1920w\" sizes=\"(max-width: 300px) 100vw, 300px\" \/><\/p>\n<p>Szczeg\u00f3\u0142y i dokumentacja dost\u0119pne s\u0105\u00a0<a href=\"https:\/\/feng.parp.gov.pl\/component\/grants\/grants\/sciezka-smart?sort=default&amp;category%5B%5D=6&amp;term%5B%5D=1&amp;text_search=\">TUTAJ<\/a><\/p>\n","protected":false},"excerpt":{"rendered":"<p>Zapraszamy przedsi\u0119biorc\u00f3w do aplikowania w \u015acie\u017cce SMART organizowanej przez Polsk\u0105 Agencj\u0119 Rozwoju Przedsi\u0119biorczo\u015bci. Do zdobycia w 2023 r. dofinansowanie o \u0142\u0105cznej kwocie 6,67 mld z\u0142. Cel: Rozwijanie i wzmacnianie zdolno\u015bci badawczych i innowacyjnych przedsi\u0119biorstw, ukierunkowane na wdra\u017canie innowacji produktowych lub procesowych oraz cyfryzacj\u0119 i transformacj\u0119 przedsi\u0119biorstw w kierunku zr\u00f3wnowa\u017conego rozwoju, jak r\u00f3wnie\u017c internacjonalizacj\u0119 przedsi\u0119biorstw i [&hellip;]<\/p>\n","protected":false},"author":1,"featured_media":309,"comment_status":"closed","ping_status":"closed","sticky":false,"template":"","format":"standard","meta":{"footnotes":""},"categories":[10],"tags":[],"class_list":["post-308","post","type-post","status-publish","format-standard","has-post-thumbnail","hentry","category-aktualnosci"],"_links":{"self":[{"href":"https:\/\/coi.skarzysko.pl\/www\/index.php\/wp-json\/wp\/v2\/posts\/308","targetHints":{"allow":["GET"]}}],"collection":[{"href":"https:\/\/coi.skarzysko.pl\/www\/index.php\/wp-json\/wp\/v2\/posts"}],"about":[{"href":"https:\/\/coi.skarzysko.pl\/www\/index.php\/wp-json\/wp\/v2\/types\/post"}],"author":[{"embeddable":true,"href":"https:\/\/coi.skarzysko.pl\/www\/index.php\/wp-json\/wp\/v2\/users\/1"}],"replies":[{"embeddable":true,"href":"https:\/\/coi.skarzysko.pl\/www\/index.php\/wp-json\/wp\/v2\/comments?post=308"}],"version-history":[{"count":2,"href":"https:\/\/coi.skarzysko.pl\/www\/index.php\/wp-json\/wp\/v2\/posts\/308\/revisions"}],"predecessor-version":[{"id":311,"href":"https:\/\/coi.skarzysko.pl\/www\/index.php\/wp-json\/wp\/v2\/posts\/308\/revisions\/311"}],"wp:featuredmedia":[{"embeddable":true,"href":"https:\/\/coi.skarzysko.pl\/www\/index.php\/wp-json\/wp\/v2\/media\/309"}],"wp:attachment":[{"href":"https:\/\/coi.skarzysko.pl\/www\/index.php\/wp-json\/wp\/v2\/media?parent=308"}],"wp:term":[{"taxonomy":"category","embeddable":true,"href":"https:\/\/coi.skarzysko.pl\/www\/index.php\/wp-json\/wp\/v2\/categories?post=308"},{"taxonomy":"post_tag","embeddable":true,"href":"https:\/\/coi.skarzysko.pl\/www\/index.php\/wp-json\/wp\/v2\/tags?post=308"}],"curies":[{"name":"wp","href":"https:\/\/api.w.org\/{rel}","templated":true}]}}